{"id":1842,"__str__":"Ordem do Dia/Expediente: 2 - Projeto de Resolu\u00e7\u00e3o n\u00ba 1 de 2012 em 2\u00aa Extraordin\u00e1ria da 4\u00aa Sess\u00e3o Legislativa da 5\u00aa Legislatura","link_detail_backend":"/sessao/ordemdia/1842","metadata":{},"data_ordem":"2012-04-17","observacao":"Disp\u00f5e sobre a participa\u00e7\u00e3o de vereadores no curso de orat\u00f3ria para profissionais, nos dias 18 e 19 de Abril de 2012, em Uberl\u00e2ndia, Minas Gerais.","numero_ordem":2,"resultado":"","tipo_votacao":1,"votacao_aberta":false,"registro_aberto":null,"sessao_plenaria":48,"materia":2718,"tramitacao":null}