{"id":155,"__str__":"Joaquim Madalena Severino de Almeida (1\u00ba orador)","link_detail_backend":"/sessao/oradorordemdia/155","metadata":{},"numero_ordem":1,"url_discurso":"","observacao":"discutir mat\u00e9ria da ordem do dia em aprecia\u00e7\u00e3o  na 13\u00aa Reuni\u00e3o Ordin\u00e1ria","upload_anexo":null,"sessao_plenaria":316,"parlamentar":6}