{"id":15890,"__str__":"Projeto de Lei Complementar n\u00ba 7 de 2019 | Retirado da ordem do dia | 03/06/2019","link_detail_backend":"/materia/tramitacao/15890","metadata":{},"timestamp":"2019-09-11T14:00:38.980212-03:00","data_tramitacao":"2019-06-03","data_encaminhamento":"2019-06-03","urgente":true,"turno":"P","texto":"RETIRADO DA PAUTA DA ORDEM DO DIA PELO PRESIDENTE, AGUARDANDO O ENVIO  PELO PODER EXECUTIVO DA DECLARA\u00c7\u00c3O DO ORDENADOR DE DESPESA E DO IMPACTO OR\u00c7AMENT\u00c1RIO, CONFORME EXIG\u00caNCIA DA LEI DE RESPONSABILIDADE FISCAL.","data_fim_prazo":null,"ip":"","ultima_edicao":null,"status":19,"materia":4851,"unidade_tramitacao_local":8,"unidade_tramitacao_destino":8,"user":null}