{"id":978,"__str__":"Indica\u00e7\u00e3o n\u00ba 105 de 2007","link_detail_backend":"/materia/978","metadata":{},"numero":105,"ano":2007,"numero_protocolo":null,"data_apresentacao":"2007-11-19","tipo_apresentacao":"E","data_publicacao":null,"numero_origem_externa":"","ano_origem_externa":null,"data_origem_externa":null,"apelido":"","dias_prazo":null,"data_fim_prazo":null,"em_tramitacao":true,"polemica":false,"objeto":"","complementar":false,"ementa":"A REFORMA E AMPLIA\u00c7\u00c3O DO PR\u00c9DIO DA POL\u00cdCIA MILITAR DO DISTRITO DE S\u00c3O SEBASTI\u00c3O DO PONTAL.","indexacao":"A REFORMA E AMPLIA\u00c7\u00c3O DO PR\u00c9DIO DA POL\u00cdCIA MILITAR DO DISTRITO DE S\u00c3O SEBASTI\u00c3O DO PONTAL.","observacao":"","resultado":"","texto_original":"http://sapl.carneirinho.mg.leg.br/media/sapl/public/materialegislativa/2007/978/978_texto_integral.doc","data_ultima_atualizacao":"2019-09-11T14:01:10.844336-03:00","ip":"","ultima_edicao":null,"tipo":8,"regime_tramitacao":1,"tipo_origem_externa":null,"local_origem_externa":null,"user":null,"anexadas":[],"autores":[3]}