{"id":846,"__str__":"Requerimento ao plen\u00e1rio n\u00ba 11 de 2007","link_detail_backend":"/materia/846","metadata":{},"numero":11,"ano":2007,"numero_protocolo":null,"data_apresentacao":"2007-06-01","tipo_apresentacao":"E","data_publicacao":null,"numero_origem_externa":"","ano_origem_externa":null,"data_origem_externa":null,"apelido":"","dias_prazo":null,"data_fim_prazo":null,"em_tramitacao":true,"polemica":false,"objeto":"","complementar":false,"ementa":"REQUER QUE SEJA FEITO UM MINUTO DE SIL\u00caNCIO NA 9\u00aa. (NONA) REUNI\u00c3O ORDIN\u00c1RIA DA C\u00c2MARA MUNICIPAL DE CARNEIRINHO, QUE SER\u00c1 REALIZADA NO DIA 04 DE JUNHO DO CORRENTE, PELO FALECIMENTO DO SENHOR JO\u00c3O VICENTE FERREIRA, OCORRIDO DIA 30/05/2007, NA CIDADE DE CARNEIRINHO-MG.","indexacao":"REQUER QUE SEJA FEITO UM MINUTO DE SIL\u00caNCIO NA 9\u00aa. (NONA) REUNI\u00c3O ORDIN\u00c1RIA DA C\u00c2MARA MUNICIPAL DE CARNEIRINHO, QUE SER\u00c1 REALIZADA NO DIA 04 DE JUNHO DO CORRENTE, PELO FALECIMENTO DO SENHOR JO\u00c3O VICENTE FERREIRA, OCORRIDO DIA 30/05/2007, NA CIDADE DE CARNEIRINHO-MG.","observacao":"","resultado":"","texto_original":"http://sapl.carneirinho.mg.leg.br/media/sapl/public/materialegislativa/2007/846/846_texto_integral.doc","data_ultima_atualizacao":"2019-09-11T14:01:13.187706-03:00","ip":"","ultima_edicao":null,"tipo":14,"regime_tramitacao":1,"tipo_origem_externa":null,"local_origem_externa":null,"user":null,"anexadas":[],"autores":[3]}