{"id":7431,"__str__":"Projeto de Lei Ordin\u00e1ria n\u00ba 12 de 2026","link_detail_backend":"/materia/7431","metadata":{},"numero":12,"ano":2026,"numero_protocolo":null,"data_apresentacao":"2026-02-13","tipo_apresentacao":"E","data_publicacao":"2026-02-13","numero_origem_externa":"","ano_origem_externa":null,"data_origem_externa":"2026-02-13","apelido":"","dias_prazo":null,"data_fim_prazo":"2026-02-13","em_tramitacao":false,"polemica":false,"objeto":"","complementar":false,"ementa":"Altera a Lei n\u00ba 326, de 22 de maio de 2000, para incluir a Ter\u00e7a-feira de Carnaval como feriado municipal no Munic\u00edpio de Carneirinho/MG, e d\u00e1 outras providencias.","indexacao":"Altera a Lei n\u00ba 326, de 22 de maio de 2000, para incluir a Ter\u00e7a-feira de Carnaval como feriado municipal no Munic\u00edpio de Carneirinho/MG, e d\u00e1 outras providencias.","observacao":"","resultado":"","texto_original":"http://sapl.carneirinho.mg.leg.br/media/sapl/public/materialegislativa/2026/7431/pl_0012_26_000047.pdf","data_ultima_atualizacao":"2026-02-25T13:53:52.663035-03:00","ip":"189.15.92.67","ultima_edicao":"2026-02-25T13:04:21.273975-03:00","tipo":1,"regime_tramitacao":1,"tipo_origem_externa":null,"local_origem_externa":1,"user":14,"anexadas":[],"autores":[21]}