{"id":7413,"__str__":"Indica\u00e7\u00e3o n\u00ba 23 de 2026","link_detail_backend":"/materia/7413","metadata":{},"numero":23,"ano":2026,"numero_protocolo":null,"data_apresentacao":"2026-02-03","tipo_apresentacao":"E","data_publicacao":"2026-02-03","numero_origem_externa":"","ano_origem_externa":null,"data_origem_externa":null,"apelido":"","dias_prazo":null,"data_fim_prazo":null,"em_tramitacao":false,"polemica":false,"objeto":"","complementar":false,"ementa":"no sentindo de solicitar ao Senhor Prefeito Municipal a implanta\u00e7\u00e3o e constru\u00e7\u00e3o de uma f\u00e1brica no Munic\u00edpio de Carneirinho/MG, destinada \u00e0 produ\u00e7\u00e3o de bloquetes de concreto sextavado ou outro segmento industrial compat\u00edvel com as necessidades locais.","indexacao":"a implanta\u00e7\u00e3o e constru\u00e7\u00e3o de uma f\u00e1brica no Munic\u00edpio de Carneirinho/MG, destinada \u00e0 produ\u00e7\u00e3o de bloquetes de concreto sextavado ou outro segmento industrial compat\u00edvel com as necessidades locais.","observacao":"","resultado":"","texto_original":null,"data_ultima_atualizacao":"2026-02-26T11:49:58.696884-03:00","ip":"45.187.112.167","ultima_edicao":"2026-02-03T15:22:34.795626-03:00","tipo":8,"regime_tramitacao":1,"tipo_origem_externa":null,"local_origem_externa":null,"user":27,"anexadas":[],"autores":[42,78]}