{"id":7375,"__str__":"Projeto de Resolu\u00e7\u00e3o n\u00ba 1 de 2026","link_detail_backend":"/materia/7375","metadata":{},"numero":1,"ano":2026,"numero_protocolo":null,"data_apresentacao":"2026-01-19","tipo_apresentacao":"E","data_publicacao":"2026-01-19","numero_origem_externa":"","ano_origem_externa":null,"data_origem_externa":null,"apelido":"","dias_prazo":null,"data_fim_prazo":"2026-01-19","em_tramitacao":false,"polemica":false,"objeto":"","complementar":false,"ementa":"Conceder revis\u00e3o anual do Subs\u00eddio dos Vereadores da C\u00e2mara Municipal de Carneirinho.","indexacao":"Conceder revis\u00e3o anual do Subs\u00eddio dos Vereadores da C\u00e2mara Municipal de Carneirinho.","observacao":"","resultado":"","texto_original":"http://sapl.carneirinho.mg.leg.br/media/sapl/public/materialegislativa/2026/7375/projeto_resolicao_01_26_000060.pdf","data_ultima_atualizacao":"2026-03-04T14:26:26.298139-03:00","ip":"177.191.137.245","ultima_edicao":"2026-03-04T14:26:25.167420-03:00","tipo":2,"regime_tramitacao":1,"tipo_origem_externa":null,"local_origem_externa":null,"user":14,"anexadas":[],"autores":[22]}