{"id":7373,"__str__":"Projeto de Lei Complementar  Legislativo n\u00ba 3 de 2026","link_detail_backend":"/materia/7373","metadata":{},"numero":3,"ano":2026,"numero_protocolo":null,"data_apresentacao":"2026-01-19","tipo_apresentacao":"E","data_publicacao":"2026-01-19","numero_origem_externa":"","ano_origem_externa":null,"data_origem_externa":null,"apelido":"","dias_prazo":null,"data_fim_prazo":null,"em_tramitacao":false,"polemica":false,"objeto":"","complementar":false,"ementa":"Concede revis\u00e3o no subs\u00eddio do Prefeito, Vice Prefeito e dos Secret\u00e1rios Municipais da Prefeitura do Munic\u00edpio de Carneirinho - Estado Minas Gerais.","indexacao":"Concede revis\u00e3o no subs\u00eddio do Prefeito, Vice Prefeito e dos Secret\u00e1rios Municipais da Prefeitura do Munic\u00edpio de Carneirinho - Estado Minas Gerais.","observacao":"","resultado":"","texto_original":"http://sapl.carneirinho.mg.leg.br/media/sapl/public/materialegislativa/2026/7373/projeto_lei_complementar_cm_03_26_000062.pdf","data_ultima_atualizacao":"2026-03-04T14:44:53.438044-03:00","ip":"177.191.137.245","ultima_edicao":"2026-03-04T14:42:08.899347-03:00","tipo":26,"regime_tramitacao":1,"tipo_origem_externa":null,"local_origem_externa":null,"user":14,"anexadas":[],"autores":[22]}