{"id":7218,"__str__":"Indica\u00e7\u00e3o n\u00ba 256 de 2025","link_detail_backend":"/materia/7218","metadata":{},"numero":256,"ano":2025,"numero_protocolo":null,"data_apresentacao":"2025-10-06","tipo_apresentacao":"E","data_publicacao":"2025-10-06","numero_origem_externa":"","ano_origem_externa":null,"data_origem_externa":null,"apelido":"","dias_prazo":null,"data_fim_prazo":null,"em_tramitacao":false,"polemica":false,"objeto":"","complementar":false,"ementa":"no sentido de solicitar ao Senhor Prefeito Municipal a reforma dos banheiros das pra\u00e7as p\u00fablicas localizadas na sede do Munic\u00edpio de Carneirinho, promovendo melhorias na estrutura f\u00edsica, hidr\u00e1ulica e el\u00e9trica, al\u00e9m da adequa\u00e7\u00e3o para acessibilidade e melhores condi\u00e7\u00f5es de higiene e conserva\u00e7\u00e3o.","indexacao":"no sentido de solicitar ao Senhor Prefeito Municipal a reforma dos banheiros das pra\u00e7as p\u00fablicas localizadas na sede do Munic\u00edpio, promovendo melhorias na estrutura f\u00edsica, hidr\u00e1ulica e el\u00e9trica, al\u00e9m da adequa\u00e7\u00e3o para acessibilidade e melhores condi\u00e7\u00f5es de higiene e conserva\u00e7\u00e3o.","observacao":"","resultado":"","texto_original":null,"data_ultima_atualizacao":"2025-11-03T15:49:36.457631-03:00","ip":"179.63.48.43","ultima_edicao":"2025-10-06T14:36:35.569814-03:00","tipo":8,"regime_tramitacao":1,"tipo_origem_externa":null,"local_origem_externa":null,"user":27,"anexadas":[],"autores":[78]}