{"id":7140,"__str__":"Indica\u00e7\u00e3o n\u00ba 215 de 2025","link_detail_backend":"/materia/7140","metadata":{},"numero":215,"ano":2025,"numero_protocolo":null,"data_apresentacao":"2025-08-22","tipo_apresentacao":"E","data_publicacao":"2025-08-22","numero_origem_externa":"","ano_origem_externa":null,"data_origem_externa":null,"apelido":"","dias_prazo":null,"data_fim_prazo":null,"em_tramitacao":false,"polemica":false,"objeto":"","complementar":false,"ementa":"no sentido de reiterar os termos da indica\u00e7\u00e3o n\u00ba 47/2025 que solicita ao senhor Prefeito Municipal a necessidade de instala\u00e7\u00e3o de cobertura nos pr\u00e9dios das escolas municipais, especificamente nos acessos aos port\u00f5es de entrada, com o objetivo de proporcionar maior prote\u00e7\u00e3o aos alunos durante o embarque e desembarque do transporte escolar, principalmente em dias chuvosos.","indexacao":"no sentido de reiterar os termos da indica\u00e7\u00e3o n\u00ba 47/2025 que solicita ao senhor Prefeito Municipal a necessidade de instala\u00e7\u00e3o de cobertura nos pr\u00e9dios das escolas municipais, especificamente nos acessos aos port\u00f5es de entrada, com o objetivo de proporcionar maior prote\u00e7\u00e3o aos alunos durante o embarque e desembarque do transporte escolar, principalmente em dias chuvosos.","observacao":"","resultado":"","texto_original":null,"data_ultima_atualizacao":"2025-09-02T14:16:58.032792-03:00","ip":"179.63.48.43","ultima_edicao":"2025-08-22T11:06:04.578093-03:00","tipo":8,"regime_tramitacao":1,"tipo_origem_externa":null,"local_origem_externa":null,"user":27,"anexadas":[],"autores":[71]}