{"id":7062,"__str__":"Indica\u00e7\u00e3o n\u00ba 172 de 2025","link_detail_backend":"/materia/7062","metadata":{},"numero":172,"ano":2025,"numero_protocolo":null,"data_apresentacao":"2025-06-23","tipo_apresentacao":"E","data_publicacao":"2025-06-23","numero_origem_externa":"","ano_origem_externa":null,"data_origem_externa":null,"apelido":"","dias_prazo":null,"data_fim_prazo":null,"em_tramitacao":true,"polemica":false,"objeto":"","complementar":false,"ementa":"no sentido de solicitar ao Senhor Prefeito Municipal que sejam adotadas as provid\u00eancias necess\u00e1rias para a continua\u00e7\u00e3o da pavimenta\u00e7\u00e3o asf\u00e1ltica da Avenida S\u00e3o Luiz, no distrito de S\u00e3o Sebasti\u00e3o do Pontal, no trecho que se inicia em frente ao cemit\u00e9rio local e segue at\u00e9 o anel vi\u00e1rio.","indexacao":"no sentido de solicitar ao Senhor Prefeito Municipal que sejam adotadas as provid\u00eancias necess\u00e1rias para a continua\u00e7\u00e3o da pavimenta\u00e7\u00e3o asf\u00e1ltica da Avenida S\u00e3o Luiz, no distrito de S\u00e3o Sebasti\u00e3o do Pontal, no trecho que se inicia em frente ao cemit\u00e9rio local e segue at\u00e9 o anel vi\u00e1rio.","observacao":"","resultado":"","texto_original":null,"data_ultima_atualizacao":"2025-06-23T12:43:23.091533-03:00","ip":"177.69.114.41","ultima_edicao":"2025-06-23T12:42:20.942928-03:00","tipo":8,"regime_tramitacao":1,"tipo_origem_externa":null,"local_origem_externa":null,"user":27,"anexadas":[],"autores":[42,68]}