{"id":7036,"__str__":"Indica\u00e7\u00e3o n\u00ba 153 de 2025","link_detail_backend":"/materia/7036","metadata":{},"numero":153,"ano":2025,"numero_protocolo":null,"data_apresentacao":"2025-06-04","tipo_apresentacao":"E","data_publicacao":"2025-06-04","numero_origem_externa":"","ano_origem_externa":null,"data_origem_externa":null,"apelido":"","dias_prazo":null,"data_fim_prazo":null,"em_tramitacao":false,"polemica":false,"objeto":"","complementar":false,"ementa":"no sentido de solicitar ao Senhor Prefeito Municipal a necessidade de promover a reforma dos barrac\u00f5es situados no antigo pr\u00e9dio da tecelagem, com o objetivo de adequ\u00e1-los para a instala\u00e7\u00e3o de novas empresas, visando fomentar o desenvolvimento econ\u00f4mico local.","indexacao":"no sentido de solicitar ao Senhor Prefeito Municipal a necessidade de promover a reforma dos barrac\u00f5es situados no antigo pr\u00e9dio da tecelagem, com o objetivo de adequ\u00e1-los para a instala\u00e7\u00e3o de novas empresas, visando fomentar o desenvolvimento econ\u00f4mico local.","observacao":"","resultado":"","texto_original":null,"data_ultima_atualizacao":"2025-06-23T12:56:27.930415-03:00","ip":"191.55.116.178","ultima_edicao":"2025-06-04T11:10:13.394966-03:00","tipo":8,"regime_tramitacao":1,"tipo_origem_externa":null,"local_origem_externa":null,"user":27,"anexadas":[],"autores":[71]}