{"id":6684,"__str__":"Indica\u00e7\u00e3o n\u00ba 57 de 2024","link_detail_backend":"/materia/6684","metadata":{},"numero":57,"ano":2024,"numero_protocolo":null,"data_apresentacao":"2024-05-06","tipo_apresentacao":"E","data_publicacao":null,"numero_origem_externa":"","ano_origem_externa":null,"data_origem_externa":null,"apelido":"","dias_prazo":null,"data_fim_prazo":null,"em_tramitacao":false,"polemica":false,"objeto":"","complementar":false,"ementa":"no sentido de reiterar os termos da indica\u00e7\u00e3o 64/2023 que solicitou ao senhor Prefeito Municipal de Carneirinho a constru\u00e7\u00e3o de pr\u00e9dio mais amplo e de prefer\u00eancia que seja pr\u00f3ximo do Ambulat\u00f3rio Vicente Severino de Socorro, para o funcionamento da Farm\u00e1cia de Minas.","indexacao":"constru\u00e7\u00e3o de pr\u00e9dio mais amplo e de prefer\u00eancia que seja pr\u00f3ximo do Ambulat\u00f3rio Vicente Severino de Socorro, para o funcionamento da Farm\u00e1cia de Minas.","observacao":"","resultado":"","texto_original":null,"data_ultima_atualizacao":"2024-05-07T13:42:51.796990-03:00","ip":"189.15.89.5","ultima_edicao":"2024-05-06T08:38:44.829991-03:00","tipo":8,"regime_tramitacao":1,"tipo_origem_externa":null,"local_origem_externa":null,"user":12,"anexadas":[],"autores":[71]}