{"id":6546,"__str__":"Projeto de Lei Complementar n\u00ba 11 de 2023","link_detail_backend":"/materia/6546","metadata":{},"numero":11,"ano":2023,"numero_protocolo":null,"data_apresentacao":"2023-11-24","tipo_apresentacao":"E","data_publicacao":"2023-11-24","numero_origem_externa":"","ano_origem_externa":null,"data_origem_externa":"2023-11-24","apelido":"","dias_prazo":null,"data_fim_prazo":"2023-11-24","em_tramitacao":false,"polemica":false,"objeto":"","complementar":false,"ementa":"Disp\u00f5e sobre a extin\u00e7\u00e3o da vaga de fisioterapeuta do anexo VI, Cargos de Programas Federais - Provimento por meio de contrata\u00e7\u00e3o, tabela I - Cargos da gesta\u00e7\u00e3o da sa\u00fade criado pela lei Complementar n\u00ba 101/2023 e acresce vaga ao cargo de Fisioterapeuta I e d\u00e1 outras provid\u00eancias.","indexacao":"Disp\u00f5e sobre a extin\u00e7\u00e3o da vaga de fisioterapeuta do anexo VI, Cargos de Programas Federais - Provimento por meio de contrata\u00e7\u00e3o, tabela I - Cargos da gesta\u00e7\u00e3o da sa\u00fade criado pela lei Complementar n\u00ba 101/2023 e acresce vaga ao cargo de Fisioterapeuta I e d\u00e1 outras provid\u00eancias.","observacao":"","resultado":"","texto_original":"http://sapl.carneirinho.mg.leg.br/media/sapl/public/materialegislativa/2023/6546/plc_11_23_01082024_141514.pdf","data_ultima_atualizacao":"2024-01-09T13:40:04.658196-03:00","ip":"45.187.112.136","ultima_edicao":"2024-01-09T13:37:02.658904-03:00","tipo":5,"regime_tramitacao":1,"tipo_origem_externa":null,"local_origem_externa":1,"user":14,"anexadas":[],"autores":[21]}