{"id":6507,"__str__":"Indica\u00e7\u00e3o n\u00ba 140 de 2023","link_detail_backend":"/materia/6507","metadata":{},"numero":140,"ano":2023,"numero_protocolo":null,"data_apresentacao":"2023-10-16","tipo_apresentacao":"E","data_publicacao":null,"numero_origem_externa":"","ano_origem_externa":null,"data_origem_externa":null,"apelido":"","dias_prazo":null,"data_fim_prazo":null,"em_tramitacao":false,"polemica":false,"objeto":"","complementar":false,"ementa":"no sentido de reiterar os termos das Indica\u00e7\u00f5es n. 161/2021 55/2023 que solicitaram ao senhor Prefeito Municipal de Carneirinho a instala\u00e7\u00e3o de corrim\u00e3o nas escadarias da Pra\u00e7a Rufina Perp\u00e9tua de Toledo- pra\u00e7a da Matriz, bem como, a constru\u00e7\u00e3o de rampa de acessibilidade proporcionando maior comodidade para as pessoas idosas e com defici\u00eancia f\u00edsica.","indexacao":"instala\u00e7\u00e3o de corrim\u00e3o nas escadarias da Pra\u00e7a Rufina Perp\u00e9tua de Toledo- pra\u00e7a da Matriz, bem como, a constru\u00e7\u00e3o de rampa de acessibilidade proporcionando maior comodidade para as pessoas idosas e com defici\u00eancia f\u00edsica.","observacao":"","resultado":"","texto_original":null,"data_ultima_atualizacao":"2023-10-23T16:17:07.013002-03:00","ip":"179.63.50.193","ultima_edicao":"2023-10-16T09:13:13.870269-03:00","tipo":8,"regime_tramitacao":1,"tipo_origem_externa":null,"local_origem_externa":null,"user":12,"anexadas":[],"autores":[73]}