{"id":6506,"__str__":"Indica\u00e7\u00e3o n\u00ba 139 de 2023","link_detail_backend":"/materia/6506","metadata":{},"numero":139,"ano":2023,"numero_protocolo":null,"data_apresentacao":"2023-10-16","tipo_apresentacao":"E","data_publicacao":null,"numero_origem_externa":"","ano_origem_externa":null,"data_origem_externa":null,"apelido":"","dias_prazo":null,"data_fim_prazo":null,"em_tramitacao":false,"polemica":false,"objeto":"","complementar":false,"ementa":"no sentido de solicitar ao senhor Prefeito Municipal de Carneirinho a cria\u00e7\u00e3o de uma linha de \u00f4nibus saindo de S\u00e3o Sebasti\u00e3o do Pontal passando por Carneirinho sentido a Iturama-MG.","indexacao":"cria\u00e7\u00e3o de uma linha de \u00f4nibus saindo de S\u00e3o Sebasti\u00e3o do Pontal passando por Carneirinho sentido a Iturama-MG.","observacao":"","resultado":"","texto_original":null,"data_ultima_atualizacao":"2023-10-23T16:17:06.833613-03:00","ip":"179.63.50.193","ultima_edicao":"2023-10-16T08:43:20.568828-03:00","tipo":8,"regime_tramitacao":1,"tipo_origem_externa":null,"local_origem_externa":null,"user":12,"anexadas":[],"autores":[68]}