{"id":6417,"__str__":"Indica\u00e7\u00e3o n\u00ba 94 de 2023","link_detail_backend":"/materia/6417","metadata":{},"numero":94,"ano":2023,"numero_protocolo":null,"data_apresentacao":"2023-07-17","tipo_apresentacao":"E","data_publicacao":"2023-07-17","numero_origem_externa":"","ano_origem_externa":null,"data_origem_externa":null,"apelido":"","dias_prazo":null,"data_fim_prazo":"2023-07-17","em_tramitacao":false,"polemica":false,"objeto":"","complementar":false,"ementa":"Que fa\u00e7a a amplia\u00e7\u00e3o da ilumina\u00e7\u00e3o e troca das l\u00e2mpadas na \u00e1rea de Laser Osvaldo Paula Assun\u00e7\u00e3o do nosso Munic\u00edpio.","indexacao":"Que fa\u00e7a a amplia\u00e7\u00e3o da ilumina\u00e7\u00e3o e troca das l\u00e2mpadas na \u00e1rea de Laser Osvaldo Paula Assun\u00e7\u00e3o do nosso Munic\u00edpio.","observacao":"","resultado":"","texto_original":null,"data_ultima_atualizacao":"2023-07-25T14:17:59.211417-03:00","ip":"179.63.50.193","ultima_edicao":"2023-07-17T11:40:41.471400-03:00","tipo":8,"regime_tramitacao":1,"tipo_origem_externa":null,"local_origem_externa":null,"user":14,"anexadas":[],"autores":[71]}