{"id":6391,"__str__":"Indica\u00e7\u00e3o n\u00ba 84 de 2023","link_detail_backend":"/materia/6391","metadata":{},"numero":84,"ano":2023,"numero_protocolo":null,"data_apresentacao":"2023-06-19","tipo_apresentacao":"E","data_publicacao":null,"numero_origem_externa":"","ano_origem_externa":null,"data_origem_externa":null,"apelido":"","dias_prazo":null,"data_fim_prazo":null,"em_tramitacao":false,"polemica":false,"objeto":"","complementar":false,"ementa":"no sentido de reiterar os termos da indica\u00e7\u00e3o n\u00ba 111/2022, de minha autoria, que solicitou ao Senhor Prefeito Municipal de Carneirinho a contrata\u00e7\u00e3o de m\u00e9dico para dar plant\u00e3o 24 horas e tamb\u00e9m a aquisi\u00e7\u00e3o de uma UTI m\u00f3vel para permanecer no distrito de S\u00e3o Sebasti\u00e3o do Pontal.","indexacao":"a contrata\u00e7\u00e3o de m\u00e9dico para dar plant\u00e3o 24 horas e tamb\u00e9m a aquisi\u00e7\u00e3o de uma UTI m\u00f3vel para permanecer no distrito de S\u00e3o Sebasti\u00e3o do Pontal.","observacao":"","resultado":"","texto_original":null,"data_ultima_atualizacao":"2023-06-20T13:55:32.433342-03:00","ip":"179.63.50.193","ultima_edicao":"2023-06-19T12:20:04.182346-03:00","tipo":8,"regime_tramitacao":1,"tipo_origem_externa":null,"local_origem_externa":null,"user":12,"anexadas":[],"autores":[28]}