{"id":6323,"__str__":"Projeto de Lei Complementar n\u00ba 3 de 2023","link_detail_backend":"/materia/6323","metadata":{},"numero":3,"ano":2023,"numero_protocolo":null,"data_apresentacao":"2023-04-03","tipo_apresentacao":"E","data_publicacao":"2023-04-03","numero_origem_externa":"","ano_origem_externa":null,"data_origem_externa":null,"apelido":"","dias_prazo":null,"data_fim_prazo":"2023-04-03","em_tramitacao":false,"polemica":false,"objeto":"","complementar":false,"ementa":"Institui o Programa Municipal de Recupera\u00e7\u00e3o Fiscal - REFIS MUNICIPAL.","indexacao":"Institui o Programa Municipal de Recupera\u00e7\u00e3o Fiscal - REFIS MUNICIPAL.","observacao":"","resultado":"","texto_original":"http://sapl.carneirinho.mg.leg.br/media/sapl/public/materialegislativa/2023/6323/plc_03_23_20230503_141332.pdf","data_ultima_atualizacao":"2023-05-03T14:58:16.508998-03:00","ip":"179.63.50.193","ultima_edicao":"2023-05-03T14:56:38.827375-03:00","tipo":5,"regime_tramitacao":1,"tipo_origem_externa":null,"local_origem_externa":null,"user":14,"anexadas":[],"autores":[21]}