{"id":614,"__str__":"Projeto de Lei Ordin\u00e1ria n\u00ba 1 de 2007","link_detail_backend":"/materia/614","metadata":{},"numero":1,"ano":2007,"numero_protocolo":null,"data_apresentacao":"2007-02-09","tipo_apresentacao":"E","data_publicacao":null,"numero_origem_externa":"01","ano_origem_externa":2007,"data_origem_externa":"2007-02-09","apelido":"subven\u00e7\u00e3o","dias_prazo":45,"data_fim_prazo":null,"em_tramitacao":true,"polemica":false,"objeto":"","complementar":false,"ementa":"DISP\u00d5E SOBRE AUTORIZA\u00c7\u00c3O PARA CONCESS\u00c3O DE SUBVEN\u00c7\u00c3O SOCIAL A ENTIDADES QUE MENCIONA E D\u00c1 OUTRAS PROVID\u00caNCIAS.","indexacao":"SUBVEN\u00c7\u00c3O SOCIAL, LAR DOS VELHINHOS DONA MARIA ABADIA DE FREITAS,ASSOCIA\u00c7\u00c3O VICENTINA S\u00c3O FRANCISCO DE ASSIS,FUNDA\u00c7\u00c3O PIO XII, HOSPITAL PSIQUI\u00c1TRICO DR. ADOLFO BEZERRA DE MENEZES,ASSOCIA\u00c7\u00c3O DE ARTES\u00d5ES DE CARNEIRINHO \u2013 AAC, APAE \u2013ASSOCIA\u00c7\u00c3O DE PAIS E AMIGOS DOS EXCEPCIONAIS","observacao":"","resultado":"","texto_original":"http://sapl.carneirinho.mg.leg.br/media/sapl/public/materialegislativa/2007/614/614_texto_integral.doc","data_ultima_atualizacao":"2019-09-11T14:01:15.087260-03:00","ip":"","ultima_edicao":null,"tipo":1,"regime_tramitacao":2,"tipo_origem_externa":1,"local_origem_externa":1,"user":null,"anexadas":[],"autores":[21]}