{"id":6010,"__str__":"Indica\u00e7\u00e3o n\u00ba 73 de 2022","link_detail_backend":"/materia/6010","metadata":{},"numero":73,"ano":2022,"numero_protocolo":null,"data_apresentacao":"2022-05-13","tipo_apresentacao":"E","data_publicacao":null,"numero_origem_externa":"","ano_origem_externa":null,"data_origem_externa":null,"apelido":"","dias_prazo":null,"data_fim_prazo":null,"em_tramitacao":false,"polemica":false,"objeto":"","complementar":false,"ementa":"no sentido de reiterar os termos da indica\u00e7\u00e3o n\u00ba 37/2021, datada de 17 de  fevereiro de 2021 que solicitou ao senhor Prefeito Municipal de Carneirinho  a constru\u00e7\u00e3o de capela de Vel\u00f3rio Municipal no Distrito de F\u00e1tima do Pontal.","indexacao":"a constru\u00e7\u00e3o de capela de Vel\u00f3rio Municipal no Distrito de F\u00e1tima do Pontal.","observacao":"","resultado":"","texto_original":null,"data_ultima_atualizacao":"2022-05-24T15:11:13.268289-03:00","ip":"186.210.100.225","ultima_edicao":"2022-05-15T12:49:07.899308-03:00","tipo":8,"regime_tramitacao":1,"tipo_origem_externa":null,"local_origem_externa":null,"user":12,"anexadas":[5474],"autores":[66]}