{"id":5935,"__str__":"Indica\u00e7\u00e3o n\u00ba 28 de 2022","link_detail_backend":"/materia/5935","metadata":{},"numero":28,"ano":2022,"numero_protocolo":null,"data_apresentacao":"2022-02-21","tipo_apresentacao":"E","data_publicacao":null,"numero_origem_externa":"","ano_origem_externa":null,"data_origem_externa":null,"apelido":"","dias_prazo":null,"data_fim_prazo":null,"em_tramitacao":false,"polemica":false,"objeto":"","complementar":false,"ementa":"no sentido de solicitar ao senhor Prefeito Municipal de Carneirinho que determine  setor competente que fa\u00e7a a poda das \u00e1rvores existentes no pr\u00e9dio da EMATER na sede do munic\u00edpio.","indexacao":"fa\u00e7a a poda das \u00e1rvores existentes no pr\u00e9dio da EMATER na sede do munic\u00edpio.","observacao":"","resultado":"","texto_original":null,"data_ultima_atualizacao":"2022-03-09T16:23:08.910947-03:00","ip":"45.187.112.134","ultima_edicao":"2022-03-07T10:54:49.408681-03:00","tipo":8,"regime_tramitacao":1,"tipo_origem_externa":null,"local_origem_externa":null,"user":12,"anexadas":[],"autores":[74]}