{"id":5728,"__str__":"Indica\u00e7\u00e3o n\u00ba 145 de 2021","link_detail_backend":"/materia/5728","metadata":{},"numero":145,"ano":2021,"numero_protocolo":212,"data_apresentacao":"2021-08-17","tipo_apresentacao":"E","data_publicacao":null,"numero_origem_externa":"","ano_origem_externa":null,"data_origem_externa":null,"apelido":"","dias_prazo":null,"data_fim_prazo":null,"em_tramitacao":false,"polemica":false,"objeto":"","complementar":false,"ementa":"no sentido de solicitar ao senhor Prefeito Municipal de Carneirinho a reforma dos pr\u00e9dios onde funcionavam  as Escola Municipal da Gracil\u00e2ndia e a Escola Municipal de Nilo Pe\u00e7anha na Vila Aparecida do Parana\u00edba.","indexacao":"a reforma dos pr\u00e9dios onde funcionavam  as Escola Municipal da Gracil\u00e2ndia e a Escola Municipal de Nilo Pe\u00e7anha na Vila Aparecida do Parana\u00edba.","observacao":"","resultado":"","texto_original":null,"data_ultima_atualizacao":"2021-09-13T16:41:50.252284-03:00","ip":"45.187.112.134","ultima_edicao":"2021-08-18T11:03:29.685865-03:00","tipo":8,"regime_tramitacao":1,"tipo_origem_externa":null,"local_origem_externa":null,"user":12,"anexadas":[],"autores":[72]}