{"id":5710,"__str__":"Indica\u00e7\u00e3o n\u00ba 137 de 2021","link_detail_backend":"/materia/5710","metadata":{},"numero":137,"ano":2021,"numero_protocolo":190,"data_apresentacao":"2021-08-02","tipo_apresentacao":"E","data_publicacao":null,"numero_origem_externa":"","ano_origem_externa":null,"data_origem_externa":null,"apelido":"","dias_prazo":null,"data_fim_prazo":null,"em_tramitacao":false,"polemica":false,"objeto":"","complementar":false,"ementa":"no sentido de solicitar ao senhor Prefeito Municipal de Carneirinho no sentido de solicitar ao senhor Prefeito Municipal o pagamento das contas de \u00e1gua e luz da feira Municipal, bem como a disponibiliza\u00e7\u00e3o de um profissional para fazer reparos hidr\u00e1ulicos e el\u00e9tricos com a devida substitui\u00e7\u00e3o dos materiais necess\u00e1rios. Na oportunidade requer ainda a disponibiliza\u00e7\u00e3o de um papa-entulho para que os feirantes descartem o lixo nos dias de feiras.","indexacao":"o pagamento das contas de \u00e1gua e luz da feira Municipal, bem como a disponibiliza\u00e7\u00e3o de um profissional para fazer reparos hidr\u00e1ulicos e el\u00e9tricos com a devida substitui\u00e7\u00e3o dos materiais necess\u00e1rios. Na oportunidade requer ainda a disponibiliza\u00e7\u00e3o de um papa-entulho para que os feirantes descartem o lixo nos dias de feiras.","observacao":"","resultado":"","texto_original":null,"data_ultima_atualizacao":"2021-08-09T14:11:38.435448-03:00","ip":"45.187.112.134","ultima_edicao":"2021-08-02T12:40:26.721920-03:00","tipo":8,"regime_tramitacao":1,"tipo_origem_externa":null,"local_origem_externa":null,"user":12,"anexadas":[],"autores":[7]}