{"id":5697,"__str__":"Requerimento n\u00ba 96 de 2021","link_detail_backend":"/materia/5697","metadata":{},"numero":96,"ano":2021,"numero_protocolo":178,"data_apresentacao":"2021-07-30","tipo_apresentacao":"E","data_publicacao":null,"numero_origem_externa":"","ano_origem_externa":null,"data_origem_externa":null,"apelido":"","dias_prazo":null,"data_fim_prazo":null,"em_tramitacao":false,"polemica":false,"objeto":"","complementar":false,"ementa":"requerem que seja feito um minuto de sil\u00eancio na 12\u00aa. (d\u00e9cima segunda) Reuni\u00e3o Ordin\u00e1ria da C\u00e2mara Municipal de Carneirinho, que ser\u00e1 realizada no dia 02 de agosto de 2021, pelo falecimento do Senhor Jo\u00e3o Paulo da Costa Souza, ocorrido dia 21/07/2021, na cidade de Uberaba-MG.","indexacao":"Jo\u00e3o Paulo da Costa Souza","observacao":"","resultado":"","texto_original":null,"data_ultima_atualizacao":"2021-08-09T13:56:04.222926-03:00","ip":"179.104.56.232","ultima_edicao":"2021-07-30T09:15:06.729587-03:00","tipo":3,"regime_tramitacao":1,"tipo_origem_externa":null,"local_origem_externa":null,"user":12,"anexadas":[],"autores":[71,72,66,7,1,73,68,74]}