{"id":5636,"__str__":"Projeto de lei Legislativo n\u00ba 2 de 2021","link_detail_backend":"/materia/5636","metadata":{},"numero":2,"ano":2021,"numero_protocolo":null,"data_apresentacao":"2021-06-07","tipo_apresentacao":"E","data_publicacao":null,"numero_origem_externa":"","ano_origem_externa":null,"data_origem_externa":null,"apelido":"","dias_prazo":null,"data_fim_prazo":null,"em_tramitacao":false,"polemica":false,"objeto":"","complementar":false,"ementa":"D\u00e1 denomina\u00e7\u00e3o de Rua  Jose Machado da Silva, \u00e0 rua Maranh\u00e3o no bairro Jardim Primavera, na Sede do Munic\u00edpio de Carneirinho.","indexacao":"D\u00e1 denomina\u00e7\u00e3o de Rua  Jose Machado da Silva, \u00e0 rua Maranh\u00e3o no bairro Jardim Primavera, na Sede do Munic\u00edpio de Carneirinho.","observacao":"","resultado":"","texto_original":"http://sapl.carneirinho.mg.leg.br/media/sapl/public/materialegislativa/2021/5636/projeto_de_lei_02_21_000069.pdf","data_ultima_atualizacao":"2021-09-09T17:11:51.304488-03:00","ip":"45.187.112.134","ultima_edicao":"2021-09-09T17:11:51.145101-03:00","tipo":25,"regime_tramitacao":1,"tipo_origem_externa":null,"local_origem_externa":null,"user":14,"anexadas":[],"autores":[72]}