{"id":5602,"__str__":"Indica\u00e7\u00e3o n\u00ba 102 de 2021","link_detail_backend":"/materia/5602","metadata":{},"numero":102,"ano":2021,"numero_protocolo":140,"data_apresentacao":"2021-05-14","tipo_apresentacao":"E","data_publicacao":null,"numero_origem_externa":"","ano_origem_externa":null,"data_origem_externa":null,"apelido":"","dias_prazo":null,"data_fim_prazo":null,"em_tramitacao":false,"polemica":false,"objeto":"","complementar":false,"ementa":"no sentido de solicitar ao senhor Prefeito Municipal de Carneirinho que providencie a constru\u00e7\u00e3o de redutores de velocidade nas rua S\u00e3o Paulo, n\u00ba 1003, Ricardo de Jesus da Costa, n\u00ba 984, nas Avenidas Carlos Santa Rosa, n\u00ba 370 e Jos\u00e9 Ambr\u00f3sio de Queiroz, n\u00ba 563, nos quarteir\u00f5es da Igreja S\u00e3o Jos\u00e9 Oper\u00e1rio, Jardim Primavera, Sede do Munic\u00edpio de Carneirinho.","indexacao":"a constru\u00e7\u00e3o de redutores de velocidade nas rua S\u00e3o Paulo, n\u00ba 1003, Ricardo de Jesus da Costa, n\u00ba 984, nas Avenidas Carlos Santa Rosa, n\u00ba 370 e Jos\u00e9 Ambr\u00f3sio de Queiroz, n\u00ba 563, nos quarteir\u00f5es da Igreja S\u00e3o Jos\u00e9 Oper\u00e1rio, Jardim Primavera, Sede do Munic\u00edpio de Carneirinho.","observacao":"","resultado":"","texto_original":null,"data_ultima_atualizacao":"2021-05-25T15:09:16.901767-03:00","ip":"189.15.184.189","ultima_edicao":"2021-05-17T09:12:21.647864-03:00","tipo":8,"regime_tramitacao":1,"tipo_origem_externa":null,"local_origem_externa":null,"user":12,"anexadas":[],"autores":[74]}