{"id":5593,"__str__":"Indica\u00e7\u00e3o n\u00ba 94 de 2021","link_detail_backend":"/materia/5593","metadata":{},"numero":94,"ano":2021,"numero_protocolo":136,"data_apresentacao":"2021-05-10","tipo_apresentacao":"O","data_publicacao":null,"numero_origem_externa":"","ano_origem_externa":null,"data_origem_externa":null,"apelido":"","dias_prazo":null,"data_fim_prazo":null,"em_tramitacao":false,"polemica":false,"objeto":"","complementar":false,"ementa":"solicitar ao senhor Prefeito Municipal de Carneirinho a aquisi\u00e7\u00e3o de ambul\u00e2ncias com macas e ve\u00edculos com ar condicionado para transportar os pacientes da Sede, dos  Distrito e vilas.","indexacao":"aquisi\u00e7\u00e3o de ambul\u00e2ncias com macas e ve\u00edculos com ar condicionado para transportar os pacientes da Sede, dos  Distrito e vilas.","observacao":"","resultado":"","texto_original":null,"data_ultima_atualizacao":"2021-05-25T15:22:45.705952-03:00","ip":"45.187.112.134","ultima_edicao":"2021-05-10T11:14:39.571626-03:00","tipo":8,"regime_tramitacao":1,"tipo_origem_externa":null,"local_origem_externa":null,"user":12,"anexadas":[],"autores":[73]}