{"id":5591,"__str__":"Requerimento n\u00ba 50 de 2021","link_detail_backend":"/materia/5591","metadata":{},"numero":50,"ano":2021,"numero_protocolo":null,"data_apresentacao":"2021-05-03","tipo_apresentacao":"E","data_publicacao":"2021-05-03","numero_origem_externa":"","ano_origem_externa":null,"data_origem_externa":null,"apelido":"","dias_prazo":null,"data_fim_prazo":"2021-05-03","em_tramitacao":false,"polemica":false,"objeto":"","complementar":false,"ementa":"requerem que seja feito um minuto de sil\u00eancio na 7\u00aa. (s\u00e9tima) Reuni\u00e3o Ordin\u00e1ria da C\u00e2mara Municipal de Carneirinho, que ser\u00e1 realizada nesta data, pelo falecimento da Senhora Elza Severino R\u00e9gis,  ocorrido dia 02/05/21, em Uberl\u00e2ndia/MG.","indexacao":"Pelo Falecimento da Senhora Elza Severino R\u00e9gis  dia 02/05/2021 em Uberl\u00e2ndia/MG.","observacao":"","resultado":"","texto_original":null,"data_ultima_atualizacao":"2021-05-25T14:53:51.845377-03:00","ip":"45.187.112.134","ultima_edicao":"2021-05-03T15:52:41.499681-03:00","tipo":3,"regime_tramitacao":1,"tipo_origem_externa":null,"local_origem_externa":null,"user":12,"anexadas":[],"autores":[71,72,66,28,7,1,73,68,74]}