{"id":5464,"__str__":"Indica\u00e7\u00e3o n\u00ba 31 de 2021","link_detail_backend":"/materia/5464","metadata":{},"numero":31,"ano":2021,"numero_protocolo":32,"data_apresentacao":"2021-02-08","tipo_apresentacao":"E","data_publicacao":null,"numero_origem_externa":"","ano_origem_externa":null,"data_origem_externa":null,"apelido":"","dias_prazo":null,"data_fim_prazo":null,"em_tramitacao":false,"polemica":false,"objeto":"","complementar":false,"ementa":"no sentido de solicitar ao Senhor Prefeito Municipal de Carneirinho  a instala\u00e7\u00e3o de rede de \u00e1gua e luz na pra\u00e7a existente no encontro da Avenida Vicente Toledo Machado,  com as ruas Minas Gerais e Paran\u00e1, no bairro jardim primavera, pr\u00f3ximo ao supermercado Tavela, na Sede do Munic\u00edpio de Carneirinho.","indexacao":"a instala\u00e7\u00e3o de rede de \u00e1gua e luz na pra\u00e7a existente no encontro da Avenida Vicente Toledo Machado,  com as ruas Minas Gerais e Paran\u00e1, no bairro jardim primavera, pr\u00f3ximo ao supermercado Tavela, na Sede do Munic\u00edpio de Carneirinho.","observacao":"","resultado":"","texto_original":null,"data_ultima_atualizacao":"2021-02-17T10:24:54.128340-03:00","ip":"177.69.41.118","ultima_edicao":"2021-02-17T10:24:54.049963-03:00","tipo":8,"regime_tramitacao":1,"tipo_origem_externa":null,"local_origem_externa":null,"user":12,"anexadas":[],"autores":[72]}