{"id":5460,"__str__":"Indica\u00e7\u00e3o n\u00ba 30 de 2021","link_detail_backend":"/materia/5460","metadata":{},"numero":30,"ano":2021,"numero_protocolo":28,"data_apresentacao":"2021-02-05","tipo_apresentacao":"E","data_publicacao":null,"numero_origem_externa":"","ano_origem_externa":null,"data_origem_externa":null,"apelido":"","dias_prazo":null,"data_fim_prazo":null,"em_tramitacao":false,"polemica":false,"objeto":"","complementar":false,"ementa":"no sentido de solicitar ao senhor Prefeito Municipal de Carneirinho  a aquisi\u00e7\u00e3o e instala\u00e7\u00e3o de  Parque Infantil na Sede, Distritos, Vila e comunidade do munic\u00edpio de Carneirinho-MG.","indexacao":"a aquisi\u00e7\u00e3o e instala\u00e7\u00e3o de  Parque Infantil na Sede, Distritos, Vila e comunidade do munic\u00edpio de Carneirinho-MG.","observacao":"","resultado":"","texto_original":null,"data_ultima_atualizacao":"2021-02-17T10:26:08.643357-03:00","ip":"177.69.41.118","ultima_edicao":"2021-02-17T10:26:08.567312-03:00","tipo":8,"regime_tramitacao":1,"tipo_origem_externa":null,"local_origem_externa":null,"user":12,"anexadas":[],"autores":[1]}