{"id":5458,"__str__":"Indica\u00e7\u00e3o n\u00ba 28 de 2021","link_detail_backend":"/materia/5458","metadata":{},"numero":28,"ano":2021,"numero_protocolo":26,"data_apresentacao":"2021-02-05","tipo_apresentacao":"E","data_publicacao":null,"numero_origem_externa":"","ano_origem_externa":null,"data_origem_externa":null,"apelido":"","dias_prazo":null,"data_fim_prazo":null,"em_tramitacao":false,"polemica":false,"objeto":"","complementar":false,"ementa":"no sentido de solicitar ao Senhor Prefeito Municipal de Carneirinho a substitui\u00e7\u00e3o do gramado do Est\u00e1dio Sebasti\u00e3o Fel\u00edcio, no distrito de S\u00e3o Sebasti\u00e3o do Pontal.","indexacao":"a substitui\u00e7\u00e3o do gramado do Est\u00e1dio Sebasti\u00e3o Fel\u00edcio, no distrito de S\u00e3o Sebasti\u00e3o do Pontal.","observacao":"","resultado":"","texto_original":null,"data_ultima_atualizacao":"2021-02-17T10:29:15.307013-03:00","ip":"177.69.41.118","ultima_edicao":"2021-02-17T10:29:15.226327-03:00","tipo":8,"regime_tramitacao":1,"tipo_origem_externa":null,"local_origem_externa":null,"user":12,"anexadas":[],"autores":[68]}