{"id":5426,"__str__":"Indica\u00e7\u00e3o n\u00ba 6 de 2021","link_detail_backend":"/materia/5426","metadata":{},"numero":6,"ano":2021,"numero_protocolo":null,"data_apresentacao":"2021-01-26","tipo_apresentacao":"E","data_publicacao":null,"numero_origem_externa":"","ano_origem_externa":null,"data_origem_externa":null,"apelido":"","dias_prazo":null,"data_fim_prazo":null,"em_tramitacao":false,"polemica":false,"objeto":"","complementar":false,"ementa":"que seja institu\u00eddo programa municipal  \u201cREM\u00c9DIO  EM CASA\u201d para atender as pessoas que est\u00e3o impossibilitadas de locomoverem ou s\u00e3o portadoras de doen\u00e7as cr\u00f4nica.","indexacao":"programa municipal  \u201cREM\u00c9DIO  EM CASA\u201d para atender as pessoas que est\u00e3o impossibilitadas de locomoverem ou s\u00e3o portadoras de doen\u00e7as cr\u00f4nica.","observacao":"","resultado":"","texto_original":null,"data_ultima_atualizacao":"2021-02-08T10:44:29.244710-03:00","ip":"45.187.112.134","ultima_edicao":"2021-01-26T14:33:14.192389-03:00","tipo":8,"regime_tramitacao":1,"tipo_origem_externa":null,"local_origem_externa":null,"user":12,"anexadas":[],"autores":[72]}