{"id":5424,"__str__":"Indica\u00e7\u00e3o n\u00ba 4 de 2021","link_detail_backend":"/materia/5424","metadata":{},"numero":4,"ano":2021,"numero_protocolo":null,"data_apresentacao":"2021-01-26","tipo_apresentacao":"E","data_publicacao":null,"numero_origem_externa":"","ano_origem_externa":null,"data_origem_externa":null,"apelido":"","dias_prazo":null,"data_fim_prazo":null,"em_tramitacao":false,"polemica":false,"objeto":"","complementar":false,"ementa":"a aquisi\u00e7\u00e3o ou loca\u00e7\u00e3o de im\u00f3veis residenciais (casa de apoio)  nas cidades de Jales-SP e Carneirinho-MG,  para abrigar os pacientes e  acompanhantes que necessitam de permanecer nestas cidades por mais dias em virtude de tratamento m\u00e9dico.","indexacao":"a aquisi\u00e7\u00e3o ou loca\u00e7\u00e3o de im\u00f3veis residenciais (casa de apoio)  nas cidades de Jales-SP e Carneirinho-MG,  para abrigar os pacientes e  acompanhantes que necessitam de permanecer nestas cidades por mais dias em virtude de tratamento m\u00e9dico.","observacao":"","resultado":"","texto_original":null,"data_ultima_atualizacao":"2021-02-08T10:52:17.502154-03:00","ip":"45.187.112.134","ultima_edicao":"2021-01-26T14:02:39.740347-03:00","tipo":8,"regime_tramitacao":1,"tipo_origem_externa":null,"local_origem_externa":null,"user":12,"anexadas":[],"autores":[72]}