{"id":5376,"__str__":"Projeto de Lei Ordin\u00e1ria n\u00ba 71 de 2020","link_detail_backend":"/materia/5376","metadata":{},"numero":71,"ano":2020,"numero_protocolo":null,"data_apresentacao":"2020-09-23","tipo_apresentacao":"E","data_publicacao":"2020-09-23","numero_origem_externa":"","ano_origem_externa":null,"data_origem_externa":"2020-09-23","apelido":"","dias_prazo":null,"data_fim_prazo":"2020-09-23","em_tramitacao":true,"polemica":false,"objeto":"","complementar":false,"ementa":"Cria o Fundo Municipal de Preserva\u00e7\u00e3o do Patrim\u00f4nio Cultural do Munic\u00edpio de Carneirinho e d\u00e1 outras provid\u00eancias.","indexacao":"Cria o Fundo Municipal de Preserva\u00e7\u00e3o do Patrim\u00f4nio Cultural do Munic\u00edpio de Carneirinho e d\u00e1 outras provid\u00eancias.","observacao":"","resultado":"","texto_original":"http://sapl.carneirinho.mg.leg.br/media/sapl/public/materialegislativa/2020/5376/projeto_de_lei_71_20_000354.pdf","data_ultima_atualizacao":"2020-12-17T12:49:19.461136-03:00","ip":"45.187.112.134","ultima_edicao":"2020-12-17T12:49:18.885245-03:00","tipo":1,"regime_tramitacao":1,"tipo_origem_externa":null,"local_origem_externa":1,"user":14,"anexadas":[],"autores":[21]}