{"id":5220,"__str__":"Requerimento n\u00ba 26 de 2020","link_detail_backend":"/materia/5220","metadata":{},"numero":26,"ano":2020,"numero_protocolo":null,"data_apresentacao":"2020-04-06","tipo_apresentacao":"O","data_publicacao":null,"numero_origem_externa":"","ano_origem_externa":null,"data_origem_externa":null,"apelido":"","dias_prazo":null,"data_fim_prazo":null,"em_tramitacao":false,"polemica":false,"objeto":"","complementar":false,"ementa":"Os Vereadores que este subscrevem, ouvido o Plen\u00e1rio, requerem que seja feito um minuto de sil\u00eancio na 5\u00aa. (quinta) Reuni\u00e3o Ordin\u00e1ria da C\u00e2mara Municipal de Carneirinho, que ser\u00e1 realizada nesta data, pelo falecimento da Sr\u00aa Maria Pedro Queiroz Boroni ,  ocorrido dia 05/04/2020, na cidade de Iturama-MG.","indexacao":"Os Vereadores que este subscrevem, ouvido o Plen\u00e1rio, requerem que seja feito um minuto de sil\u00eancio na 5\u00aa. (quinta) Reuni\u00e3o Ordin\u00e1ria da C\u00e2mara Municipal de Carneirinho, que ser\u00e1 realizada nesta data, pelo falecimento da Sr\u00aa Maria Pedro Queiroz Boroni ,  ocorrido dia 05/04/2020, na cidade de Iturama-MG.","observacao":"","resultado":"","texto_original":null,"data_ultima_atualizacao":"2020-04-07T14:48:13.737547-03:00","ip":"45.170.23.212","ultima_edicao":null,"tipo":3,"regime_tramitacao":1,"tipo_origem_externa":null,"local_origem_externa":null,"user":13,"anexadas":[],"autores":[69,62,66,28,40,7,67,3,68]}