{"id":5188,"__str__":"Requerimento n\u00ba 19 de 2020","link_detail_backend":"/materia/5188","metadata":{},"numero":19,"ano":2020,"numero_protocolo":null,"data_apresentacao":"2020-03-13","tipo_apresentacao":"O","data_publicacao":null,"numero_origem_externa":"","ano_origem_externa":null,"data_origem_externa":null,"apelido":"","dias_prazo":null,"data_fim_prazo":null,"em_tramitacao":false,"polemica":false,"objeto":"","complementar":false,"ementa":"Os Vereadores que este subscrevem, ouvido o Plen\u00e1rio, requerem que seja feito um minuto de sil\u00eancio na 4\u00aa. (quarta) Reuni\u00e3o Ordin\u00e1ria da C\u00e2mara Municipal de Carneirinho, que ser\u00e1 realizada nesta data, pelo falecimento do Sr. Jos\u00e9 Martins Queiroz,  ocorrido dia 02/03/2020 , no distrito de S\u00e3o Sebasti\u00e3o do Pontal-MG.","indexacao":"Os Vereadores que este subscrevem, ouvido o Plen\u00e1rio, requerem que seja feito um minuto de sil\u00eancio na 4\u00aa. (quarta) Reuni\u00e3o Ordin\u00e1ria da C\u00e2mara Municipal de Carneirinho, que ser\u00e1 realizada nesta data, pelo falecimento do Sr. Jos\u00e9 Martins Queiroz,  ocorrido dia 02/03/2020 , no distrito de S\u00e3o Sebasti\u00e3o do Pontal-MG.","observacao":"","resultado":"","texto_original":null,"data_ultima_atualizacao":"2020-03-16T15:29:37.398930-03:00","ip":"45.170.23.212","ultima_edicao":null,"tipo":3,"regime_tramitacao":1,"tipo_origem_externa":null,"local_origem_externa":null,"user":13,"anexadas":[],"autores":[69,62,66,28,40,7,67,3,68]}