{"id":5124,"__str__":"Indica\u00e7\u00e3o n\u00ba 15 de 2020","link_detail_backend":"/materia/5124","metadata":{},"numero":15,"ano":2020,"numero_protocolo":null,"data_apresentacao":"2020-02-14","tipo_apresentacao":"E","data_publicacao":"2020-02-14","numero_origem_externa":"15","ano_origem_externa":2020,"data_origem_externa":null,"apelido":"","dias_prazo":null,"data_fim_prazo":"2020-02-14","em_tramitacao":true,"polemica":false,"objeto":"","complementar":false,"ementa":"O Vereador que esta subscreve, ouvido o plen\u00e1rio, apresenta a Vossa Excel\u00eancia a presente indica\u00e7\u00e3o no sentido de reiterar os termos das Indica\u00e7\u00f5es n\u00ba.73/2017 60/2018 e 151/2019 que solicitaram ao senhor Prefeito Municipal de Carneirinho a contrata\u00e7\u00e3o de profissional da \u00e1rea de educa\u00e7\u00e3o f\u00edsica, para treinar a equipe de atletas adulto e veterano no distrito de S\u00e3o Sebasti\u00e3o do Pontal.","indexacao":"contrata\u00e7\u00e3o de profissional da \u00e1rea de educa\u00e7\u00e3o f\u00edsica, para treinar a equipe de atletas adulto e veterano no distrito de S\u00e3o Sebasti\u00e3o do Pontal.","observacao":"","resultado":"","texto_original":null,"data_ultima_atualizacao":"2020-02-18T13:04:11.817367-03:00","ip":"45.170.23.212","ultima_edicao":null,"tipo":8,"regime_tramitacao":1,"tipo_origem_externa":8,"local_origem_externa":null,"user":12,"anexadas":[],"autores":[68]}