{"id":5122,"__str__":"Indica\u00e7\u00e3o n\u00ba 13 de 2020","link_detail_backend":"/materia/5122","metadata":{},"numero":13,"ano":2020,"numero_protocolo":null,"data_apresentacao":"2020-02-13","tipo_apresentacao":"E","data_publicacao":null,"numero_origem_externa":"","ano_origem_externa":null,"data_origem_externa":null,"apelido":"","dias_prazo":null,"data_fim_prazo":null,"em_tramitacao":true,"polemica":true,"objeto":"","complementar":null,"ementa":"O Vereador que esta subscreve, ouvido o plen\u00e1rio, apresenta a Vossa Excel\u00eancia a presente indica\u00e7\u00e3o no sentido de reiterar os  termos da  INDICA\u00c7\u00c3O N\u00ba CM 17/2017, datada de 02/02/2017, que solicitou ao Senhor Prefeito Municipal de Carneirinho que interceda junto a Usina Carneirinho, para que viabilize a constru\u00e7\u00e3o de pavimenta\u00e7\u00e3o asf\u00e1ltica do anel vi\u00e1rio na Sede do Distrito de S\u00e3o Sebasti\u00e3o do Pontal estrada municipal que sai do cemit\u00e9rio at\u00e9 o anel, e tamb\u00e9m, a constru\u00e7\u00e3o de trevos no referido anel.","indexacao":"Usina Carneirinho,  constru\u00e7\u00e3o de pavimenta\u00e7\u00e3o asf\u00e1ltica do anel vi\u00e1rio,  na Sede do Distrito de S\u00e3o Sebasti\u00e3o do Pontal,  estrada municipal que sai do cemit\u00e9rio at\u00e9 o anel, e tamb\u00e9m, a constru\u00e7\u00e3o de trevos no referido anel.","observacao":"","resultado":"","texto_original":"http://sapl.carneirinho.mg.leg.br/media/sapl/public/materialegislativa/2020/5122/oficio_13_2018022020.pdf","data_ultima_atualizacao":"2020-02-19T16:02:12.110949-03:00","ip":"45.170.23.212","ultima_edicao":null,"tipo":8,"regime_tramitacao":1,"tipo_origem_externa":null,"local_origem_externa":null,"user":14,"anexadas":[],"autores":[3]}