{"id":5082,"__str__":"Projeto de Lei Ordin\u00e1ria n\u00ba 7 de 2020","link_detail_backend":"/materia/5082","metadata":{},"numero":7,"ano":2020,"numero_protocolo":null,"data_apresentacao":"2020-01-16","tipo_apresentacao":"E","data_publicacao":"2020-01-20","numero_origem_externa":"07","ano_origem_externa":2020,"data_origem_externa":null,"apelido":"","dias_prazo":null,"data_fim_prazo":"2020-01-20","em_tramitacao":true,"polemica":false,"objeto":"","complementar":false,"ementa":"Concede revis\u00e3o no subs\u00eddio do Prefeito, Vice-prefeito e dos Secret\u00e1rios Municipais da Prefeitura do Munic\u00edpio de Carneirinho-Estado de Minas Gerais.","indexacao":"Concede revis\u00e3o no subs\u00eddio do Prefeito, Vice-prefeito e dos Secret\u00e1rios Municipais da Prefeitura do Munic\u00edpio de Carneirinho-Estado de Minas Gerais.","observacao":"","resultado":"","texto_original":"http://sapl.carneirinho.mg.leg.br/media/sapl/public/materialegislativa/2020/5082/projeto_lei_07_2004022020.pdf","data_ultima_atualizacao":"2020-02-16T12:15:29.605813-03:00","ip":"45.170.23.212","ultima_edicao":null,"tipo":1,"regime_tramitacao":1,"tipo_origem_externa":1,"local_origem_externa":null,"user":14,"anexadas":[],"autores":[21]}