{"id":5023,"__str__":"Indica\u00e7\u00e3o n\u00ba 161 de 2019","link_detail_backend":"/materia/5023","metadata":{},"numero":161,"ano":2019,"numero_protocolo":null,"data_apresentacao":"2019-11-05","tipo_apresentacao":"","data_publicacao":null,"numero_origem_externa":"","ano_origem_externa":null,"data_origem_externa":null,"apelido":"","dias_prazo":null,"data_fim_prazo":null,"em_tramitacao":false,"polemica":false,"objeto":"","complementar":null,"ementa":"no sentido de solicitar ao senhor Prefeito Municipal de Carneirinho a aquisi\u00e7\u00e3o ou loca\u00e7\u00e3o de im\u00f3veis residenciais (casa de apoio) nas cidades de Jales e S\u00e3o Jos\u00e9 do Rio Preto, ambas do estado de S\u00e3o Paulo, para abrigar os pacientes e  acompanhantes que necessitam  permanecer nestas cidades em virtude de tratamento de sa\u00fade.","indexacao":"aquisi\u00e7\u00e3o,  loca\u00e7\u00e3o,  im\u00f3vel,  Jales, S\u00e3o Jos\u00e9 do Rio Preto , casa de apoio,","observacao":"","resultado":"","texto_original":null,"data_ultima_atualizacao":"2019-11-20T14:15:39.737840-03:00","ip":"177.191.49.149","ultima_edicao":null,"tipo":8,"regime_tramitacao":1,"tipo_origem_externa":null,"local_origem_externa":null,"user":12,"anexadas":[],"autores":[62]}