{"id":4943,"__str__":"Indica\u00e7\u00e3o n\u00ba 120 de 2019","link_detail_backend":"/materia/4943","metadata":{},"numero":120,"ano":2019,"numero_protocolo":null,"data_apresentacao":"2019-09-16","tipo_apresentacao":"E","data_publicacao":null,"numero_origem_externa":"","ano_origem_externa":null,"data_origem_externa":null,"apelido":"","dias_prazo":null,"data_fim_prazo":null,"em_tramitacao":true,"polemica":false,"objeto":"","complementar":false,"ementa":"IMPLANTA\u00c7\u00c3O DE UMA ACADEMIA AO AR LIVRE E BANCOS NO ESPA\u00c7A LIVRE QUE FICA NA AVENIDA S\u00c3O SEBASTI\u00c3O ESQUINA COM A RUA JUSCELINO KUBITSCHEK AO LADO DA CRECHE EM\u00cdLIA OLIVEIRA DE QUEIROZ.","indexacao":"IMPLANTA\u00c7\u00c3O DE UMA ACADEMIA AO AR LIVRE E BANCOS NO ESPA\u00c7A LIVRE QUE FICA NA AVENIDA S\u00c3O SEBASTI\u00c3O ESQUINA COM A RUA JUSCELINO KUBITSCHEK AO LADO DA CRECHE EM\u00cdLIA OLIVEIRA DE QUEIROZ.","observacao":"","resultado":"","texto_original":"http://sapl.carneirinho.mg.leg.br/media/sapl/public/materialegislativa/2019/4943/indicacao_120_1919022020.pdf","data_ultima_atualizacao":"2020-02-19T16:19:32.304342-03:00","ip":"45.170.23.212","ultima_edicao":null,"tipo":8,"regime_tramitacao":1,"tipo_origem_externa":null,"local_origem_externa":null,"user":14,"anexadas":[],"autores":[3]}