{"id":4926,"__str__":"Indica\u00e7\u00e3o n\u00ba 114 de 2019","link_detail_backend":"/materia/4926","metadata":{},"numero":114,"ano":2019,"numero_protocolo":null,"data_apresentacao":"2019-09-02","tipo_apresentacao":"E","data_publicacao":null,"numero_origem_externa":"114","ano_origem_externa":2019,"data_origem_externa":null,"apelido":"","dias_prazo":null,"data_fim_prazo":null,"em_tramitacao":true,"polemica":false,"objeto":"","complementar":false,"ementa":"A CONSTRU\u00c7\u00c3O DE CAL\u00c7ADAS NO PASSEIO DO EST\u00c1DIO MUNICIPAL JOAQUIM BARRETO DA CUNHA SENTIDO A TECELAGEM, BEM COMO A PAVIMENTA\u00c7\u00c3O ASF\u00c1LTICA DO PROLONGAMENTO DA RUA NOVE DE JANEIRO, A CONSTRU\u00c7\u00c3O DE MEIO FIO, GUIAS DE SARJETA E A INSTALA\u00c7\u00c3O DE POSTES COM L\u00c2MPADA NO REFERIDO PROLONGAMENTO.","indexacao":"A CONSTRU\u00c7\u00c3O DE CAL\u00c7ADAS NO PASSEIO DO EST\u00c1DIO MUNICIPAL JOAQUIM BARRETO DA CUNHA SENTIDO A TECELAGEM, BEM COMO A PAVIMENTA\u00c7\u00c3O ASF\u00c1LTICA DO PROLONGAMENTO DA RUA NOVE DE JANEIRO, A CONSTRU\u00c7\u00c3O DE MEIO FIO, GUIAS DE SARJETA E A INSTALA\u00c7\u00c3O DE POSTES COM L\u00c2MPADA NO REFERIDO PROLONGAMENTO.","observacao":"","resultado":"","texto_original":"http://sapl.carneirinho.mg.leg.br/media/sapl/public/materialegislativa/2019/4926/indicacao_114_1919022020.pdf","data_ultima_atualizacao":"2020-02-19T16:20:25.272262-03:00","ip":"45.170.23.212","ultima_edicao":null,"tipo":8,"regime_tramitacao":1,"tipo_origem_externa":8,"local_origem_externa":null,"user":14,"anexadas":[],"autores":[3]}