{"id":478,"__str__":"Requerimento ao presidente n\u00ba 6 de 2006","link_detail_backend":"/materia/478","metadata":{},"numero":6,"ano":2006,"numero_protocolo":null,"data_apresentacao":"2006-03-15","tipo_apresentacao":"E","data_publicacao":null,"numero_origem_externa":"","ano_origem_externa":null,"data_origem_externa":null,"apelido":"","dias_prazo":null,"data_fim_prazo":null,"em_tramitacao":true,"polemica":false,"objeto":"","complementar":false,"ementa":"VENHO ATRAV\u00c9S DESTE, REQUERER A VOSSA EXCEL\u00caNCIA O CARRO DA C\u00c2MARA MUNICIPAL DE CARNEIRINHO, PLACA HMN 3593, MODELO FOCUS, PARA UMA VIAGEM:\r\nDATA DE SA\u00cdDA: 21/03/2006\r\nHOR\u00c1RIO: 13:00 HS\r\nDATA DE RETORNO PREVISTO: 25/03/2006\r\nHOR\u00c1RIO: 10:00HS\r\nDESTINO: TR\u00caS LAGOAS-MS\r\nASSUNTO: PARTICIPAR DE UM CURSO DE ORAT\u00d3RIA.\r\n","indexacao":"VIAGEM ","observacao":"","resultado":"","texto_original":"http://sapl.carneirinho.mg.leg.br/media/sapl/public/materialegislativa/2006/478/478_texto_integral.doc","data_ultima_atualizacao":"2019-09-11T14:01:12.266225-03:00","ip":"","ultima_edicao":null,"tipo":15,"regime_tramitacao":1,"tipo_origem_externa":null,"local_origem_externa":null,"user":null,"anexadas":[],"autores":[11]}