{"id":4501,"__str__":"Indica\u00e7\u00e3o n\u00ba 31 de 2018","link_detail_backend":"/materia/4501","metadata":{},"numero":31,"ano":2018,"numero_protocolo":null,"data_apresentacao":"2018-04-16","tipo_apresentacao":"E","data_publicacao":null,"numero_origem_externa":"31","ano_origem_externa":2018,"data_origem_externa":null,"apelido":"","dias_prazo":null,"data_fim_prazo":null,"em_tramitacao":false,"polemica":false,"objeto":"","complementar":false,"ementa":"INSTALA\u00c7\u00c3O DE LIXEIRAS NAS PRA\u00c7AS AD\u00c9LIA SORES VILELA, ANT\u00d4NIA RODRIGUES DE SOUZA, RUFINA PERP\u00c9TUA DE TOLEDO E JO\u00c3O SOARES DE ASSUN\u00c7\u00c3O NA SEDE DO MUNIC\u00cdPIO.\r\n\r\n","indexacao":"INSTALA\u00c7\u00c3O DE LIXEIRAS NAS PRA\u00c7AS AD\u00c9LIA SORES VILELA, ANT\u00d4NIA RODRIGUES DE SOUZA, RUFINA PERP\u00c9TUA DE TOLEDO E JO\u00c3O SOARES DE ASSUN\u00c7\u00c3O NA SEDE DO MUNIC\u00cdPIO.\r\n\r\n","observacao":"","resultado":"","texto_original":"http://sapl.carneirinho.mg.leg.br/media/sapl/public/materialegislativa/2018/4501/4501_texto_integral.xml","data_ultima_atualizacao":"2019-09-11T14:01:14.866742-03:00","ip":"","ultima_edicao":null,"tipo":8,"regime_tramitacao":1,"tipo_origem_externa":8,"local_origem_externa":null,"user":null,"anexadas":[],"autores":[62]}