{"id":4453,"__str__":"Indica\u00e7\u00e3o n\u00ba 4 de 2018","link_detail_backend":"/materia/4453","metadata":{},"numero":4,"ano":2018,"numero_protocolo":null,"data_apresentacao":"2018-02-15","tipo_apresentacao":"E","data_publicacao":null,"numero_origem_externa":"04","ano_origem_externa":2018,"data_origem_externa":null,"apelido":"","dias_prazo":null,"data_fim_prazo":null,"em_tramitacao":true,"polemica":false,"objeto":"","complementar":false,"ementa":"REFORMA DOS BANHEIROS, OBSERVANDO A LEGISLA\u00c7\u00c3O DE ADAPTA\u00c7\u00c3O PARA DEFICIENTES F\u00cdSICOS, NAS PRA\u00c7AS PRA\u00c7A RUFINA PERP\u00c9TUA DE TOLEDO E ANT\u00d4NIA RODRIGUES DE SOUZA, NO BAIRRO JARDIM BELA VISTA, AMBAS NA SEDE DO MUNIC\u00cdPIO DE CARNEIRINHO MG.","indexacao":"REFORMA DOS BANHEIROS, OBSERVANDO A LEGISLA\u00c7\u00c3O DE ADAPTA\u00c7\u00c3O PARA DEFICIENTES F\u00cdSICOS, NAS PRA\u00c7AS PRA\u00c7A RUFINA PERP\u00c9TUA DE TOLEDO E ANT\u00d4NIA RODRIGUES DE SOUZA, NO BAIRRO JARDIM BELA VISTA, AMBAS NA SEDE DO MUNIC\u00cdPIO DE CARNEIRINHO MG.","observacao":"","resultado":"","texto_original":"http://sapl.carneirinho.mg.leg.br/media/sapl/public/materialegislativa/2018/4453/4453_texto_integral.xml","data_ultima_atualizacao":"2019-09-11T14:01:14.699159-03:00","ip":"","ultima_edicao":null,"tipo":8,"regime_tramitacao":1,"tipo_origem_externa":8,"local_origem_externa":null,"user":null,"anexadas":[],"autores":[40]}