{"id":4158,"__str__":"Indica\u00e7\u00e3o n\u00ba 5 de 2017","link_detail_backend":"/materia/4158","metadata":{},"numero":5,"ano":2017,"numero_protocolo":null,"data_apresentacao":"2017-02-02","tipo_apresentacao":"E","data_publicacao":null,"numero_origem_externa":"05","ano_origem_externa":2017,"data_origem_externa":null,"apelido":"","dias_prazo":null,"data_fim_prazo":null,"em_tramitacao":false,"polemica":false,"objeto":"","complementar":false,"ementa":"REFORMAR DOS PR\u00c9DIOS P\u00daBLICOS, PRINCIPALMENTE, DA ESCOLA MUNICIPAL OLEG\u00c1RIO FRANCISCO DE QUEIROZ, DO GIN\u00c1SIO POLIESPORTIVO JOS\u00c9 TIAGO DE ALVARENGA E DA UNIDADE B\u00c1SICA DE SA\u00daDE JOS\u00c9 FRANCISCO DE TOLEDO, SENDO TODOS NO DISTRITO DE S\u00c3O SEBASTI\u00c3O DO PONTAL.","indexacao":"REFORMAR DOS PR\u00c9DIOS P\u00daBLICOS, PRINCIPALMENTE, DA ESCOLA MUNICIPAL OLEG\u00c1RIO FRANCISCO DE QUEIROZ, DO GIN\u00c1SIO POLIESPORTIVO JOS\u00c9 TIAGO DE ALVARENGA E DA UNIDADE B\u00c1SICA DE SA\u00daDE JOS\u00c9 FRANCISCO DE TOLEDO, SENDO TODOS NO DISTRITO DE S\u00c3O SEBASTI\u00c3O DO PONTAL.","observacao":"","resultado":"","texto_original":"http://sapl.carneirinho.mg.leg.br/media/sapl/public/materialegislativa/2017/4158/4158_texto_integral.xml","data_ultima_atualizacao":"2019-09-11T14:01:11.591185-03:00","ip":"","ultima_edicao":null,"tipo":8,"regime_tramitacao":1,"tipo_origem_externa":8,"local_origem_externa":null,"user":null,"anexadas":[],"autores":[3]}