{"id":4098,"__str__":"Indica\u00e7\u00e3o n\u00ba 90 de 2016","link_detail_backend":"/materia/4098","metadata":{},"numero":90,"ano":2016,"numero_protocolo":null,"data_apresentacao":"2016-08-15","tipo_apresentacao":"E","data_publicacao":null,"numero_origem_externa":"90","ano_origem_externa":2016,"data_origem_externa":null,"apelido":"","dias_prazo":null,"data_fim_prazo":null,"em_tramitacao":false,"polemica":false,"objeto":"","complementar":false,"ementa":"A CONSTRU\u00c7\u00c3O DE MINICAMPO E QUADRA DE AREIA NO EST\u00c1DIO JUVENAL JOS\u00c9 DE QUEIROZ NA SEDE DO MUNIC\u00cdPIO DE CARNEIRINHO.\r\n\r\n","indexacao":"A CONSTRU\u00c7\u00c3O DE MINICAMPO E QUADRA DE AREIA NO EST\u00c1DIO JUVENAL JOS\u00c9 DE QUEIROZ.\r\n","observacao":"","resultado":"","texto_original":"http://sapl.carneirinho.mg.leg.br/media/sapl/public/materialegislativa/2016/4098/4098_texto_integral.xml","data_ultima_atualizacao":"2019-09-11T14:01:09.955794-03:00","ip":"","ultima_edicao":null,"tipo":8,"regime_tramitacao":1,"tipo_origem_externa":8,"local_origem_externa":null,"user":null,"anexadas":[],"autores":[40]}