{"id":4092,"__str__":"Projeto de Lei Ordin\u00e1ria n\u00ba 26 de 2016","link_detail_backend":"/materia/4092","metadata":{},"numero":26,"ano":2016,"numero_protocolo":null,"data_apresentacao":"2016-08-01","tipo_apresentacao":"E","data_publicacao":null,"numero_origem_externa":"26","ano_origem_externa":2016,"data_origem_externa":null,"apelido":"","dias_prazo":null,"data_fim_prazo":null,"em_tramitacao":false,"polemica":false,"objeto":"","complementar":false,"ementa":"DISP\u00d5E SOBRE A CRIA\u00c7\u00c3O DE ZONA URBANA ISOLADA EM IM\u00d3VEL SITUADO NESTE MUNIC\u00cdPIO E DA OUTRAS PROVIDENCIAS.","indexacao":"CRIA\u00c7\u00c3O DE ZONA URBANA ISOLADA EM IM\u00d3VEL SITUADO NESTE MUNIC\u00cdPIO.","observacao":"","resultado":"","texto_original":"http://sapl.carneirinho.mg.leg.br/media/sapl/public/materialegislativa/2016/4092/4092_texto_integral.pdf","data_ultima_atualizacao":"2019-09-11T14:01:11.216351-03:00","ip":"","ultima_edicao":null,"tipo":1,"regime_tramitacao":1,"tipo_origem_externa":1,"local_origem_externa":1,"user":null,"anexadas":[],"autores":[21]}